{"id":295,"date":"2022-06-11T10:46:38","date_gmt":"2022-06-11T10:46:38","guid":{"rendered":"https:\/\/wentextil.ee\/?p=295"},"modified":"2022-11-06T14:21:50","modified_gmt":"2022-11-06T14:21:50","slug":"vaipade-stiil-ja-tekstuur","status":"publish","type":"post","link":"https:\/\/wentextil.ee\/en\/vaipade-stiil-ja-tekstuur\/","title":{"rendered":"Vaipade stiil ja tekstuur"},"content":{"rendered":"<p>Veluurvaip (saksoonia). Tihe, madalalt l\u00f5igatud karv. L\u00f5ngatupsud on tihedalt pakitud, moodustades sileda ja m\u00f5nusa pinna. M\u00f5eldud ametipindade jaoks.<\/p>\n\n\n\n<p>Pl\u00fc\u00fcsvaip. Tasal\u00f5igatud karvaga, kuid enamasti k\u00f5rgema karvapinnaga ja mitte nii tihe kui saksoonial. Sobib rohkem eluruumidesse.<\/p>\n\n\n\n<p>Tekstuurvaip. K\u00e4harad v\u00f5i keerdus l\u00f5ngatupsud moodustavad tekstuuriga pinna, mis neelab k\u00f5ik jalaj\u00e4ljed. Eriti sobiv eluruumidesse.<\/p>\n\n\n\n<p>L\u00f5igatud aasadega vaip. K\u00f5rgelt l\u00f5igatud l\u00f5ngatupsudega alad vahelduvad madalamate aasaliste aladega, moodustamaks reljeefseid mustreid. Sobib rohkem eluruumidesse.<\/p>\n\n\n\n<p>Tasapinnaliste aasadega vaip. \u00dchtlase k\u00f5rgusega lihtne aasaline karv. Konstruktsiooni vastupidavus teeb selle eriti sobivaks intensiivse k\u00e4idavusega pindadele ja ka eluruumidesse. Suuremad aasad iseloomustavad berberi stiili.<\/p>\n\n\n\n<p>Mitmetasandiliste aasadega vaip. Aasaline vaip kahe v\u00f5i kolme erineva tupsuk\u00f5rgusega, mis moodustavad juhusliku reljeefse pinna. Avarad kasutamisv\u00f5imalused, sealhulgas ka eluruumides. Friisvaip. Reljeefse vaiba liik, kus eriti keerdus tupsud k\u00e4harduvad koe pinnal. Eriti sobiv intensiivse k\u00e4idavusega aladele.<\/p>","protected":false},"excerpt":{"rendered":"<p>Veluurvaip (saksoonia). Tihe, madalalt l\u00f5igatud karv. L\u00f5ngatupsud on tihedalt pakitud, moodustades sileda ja m\u00f5nusa pinna. M\u00f5eldud ametipindade jaoks. Pl\u00fc\u00fcsvaip. Tasal\u00f5igatud karvaga, kuid enamasti k\u00f5rgema karvapinnaga ja mitte nii tihe kui saksoonial. Sobib rohkem eluruumidesse. Tekstuurvaip. K\u00e4harad v\u00f5i keerdus l\u00f5ngatupsud moodustavad tekstuuriga pinna, mis neelab k\u00f5ik jalaj\u00e4ljed. Eriti sobiv eluruumidesse. L\u00f5igatud aasadega vaip. K\u00f5rgelt l\u00f5igatud l\u00f5ngatupsudega [&hellip;]<\/p>\n","protected":false},"author":1,"featured_media":0,"comment_status":"open","ping_status":"open","sticky":false,"template":"","format":"standard","meta":{"_et_pb_use_builder":"off","_et_pb_old_content":"","_et_gb_content_width":"","footnotes":""},"categories":[32],"tags":[],"class_list":["post-295","post","type-post","status-publish","format-standard","hentry","category-kasulikku"],"yoast_head":"<!-- This site is optimized with the Yoast SEO plugin v27.4 - https:\/\/yoast.com\/product\/yoast-seo-wordpress\/ -->\n<title>Vaipade stiil ja tekstuur - WenTextil O\u00dc<\/title>\n<meta name=\"robots\" content=\"index, follow, max-snippet:-1, max-image-preview:large, max-video-preview:-1\" \/>\n<link rel=\"canonical\" href=\"https:\/\/wentextil.ee\/en\/vaipade-stiil-ja-tekstuur\/\" \/>\n<meta property=\"og:locale\" content=\"en_US\" \/>\n<meta property=\"og:type\" content=\"article\" \/>\n<meta property=\"og:title\" content=\"Vaipade stiil ja tekstuur - WenTextil O\u00dc\" \/>\n<meta property=\"og:description\" content=\"Veluurvaip (saksoonia). Tihe, madalalt l\u00f5igatud karv. L\u00f5ngatupsud on tihedalt pakitud, moodustades sileda ja m\u00f5nusa pinna. M\u00f5eldud ametipindade jaoks. Pl\u00fc\u00fcsvaip. Tasal\u00f5igatud karvaga, kuid enamasti k\u00f5rgema karvapinnaga ja mitte nii tihe kui saksoonial. Sobib rohkem eluruumidesse. Tekstuurvaip. K\u00e4harad v\u00f5i keerdus l\u00f5ngatupsud moodustavad tekstuuriga pinna, mis neelab k\u00f5ik jalaj\u00e4ljed. Eriti sobiv eluruumidesse. L\u00f5igatud aasadega vaip. K\u00f5rgelt l\u00f5igatud l\u00f5ngatupsudega [&hellip;]\" \/>\n<meta property=\"og:url\" content=\"https:\/\/wentextil.ee\/en\/vaipade-stiil-ja-tekstuur\/\" \/>\n<meta property=\"og:site_name\" content=\"WenTextil O\u00dc\" \/>\n<meta property=\"article:publisher\" content=\"https:\/\/et-ee.facebook.com\/wentextil\/\" \/>\n<meta property=\"article:published_time\" content=\"2022-06-11T10:46:38+00:00\" \/>\n<meta property=\"article:modified_time\" content=\"2022-11-06T14:21:50+00:00\" \/>\n<meta name=\"author\" content=\"Veiko\" \/>\n<meta name=\"twitter:card\" content=\"summary_large_image\" \/>\n<meta name=\"twitter:label1\" content=\"Written by\" \/>\n\t<meta name=\"twitter:data1\" content=\"Veiko\" \/>\n\t<meta name=\"twitter:label2\" content=\"Est. reading time\" \/>\n\t<meta name=\"twitter:data2\" content=\"1 minute\" \/>\n<script type=\"application\/ld+json\" class=\"yoast-schema-graph\">{\"@context\":\"https:\\\/\\\/schema.org\",\"@graph\":[{\"@type\":\"Article\",\"@id\":\"https:\\\/\\\/wentextil.ee\\\/vaipade-stiil-ja-tekstuur\\\/#article\",\"isPartOf\":{\"@id\":\"https:\\\/\\\/wentextil.ee\\\/vaipade-stiil-ja-tekstuur\\\/\"},\"author\":{\"name\":\"Veiko\",\"@id\":\"https:\\\/\\\/wentextil.ee\\\/#\\\/schema\\\/person\\\/4234ceb328088d3acdd5f2192cbe7dc7\"},\"headline\":\"Vaipade stiil ja tekstuur\",\"datePublished\":\"2022-06-11T10:46:38+00:00\",\"dateModified\":\"2022-11-06T14:21:50+00:00\",\"mainEntityOfPage\":{\"@id\":\"https:\\\/\\\/wentextil.ee\\\/vaipade-stiil-ja-tekstuur\\\/\"},\"wordCount\":154,\"commentCount\":0,\"publisher\":{\"@id\":\"https:\\\/\\\/wentextil.ee\\\/#organization\"},\"articleSection\":[\"Kasulikku\"],\"inLanguage\":\"en-US\",\"potentialAction\":[{\"@type\":\"CommentAction\",\"name\":\"Comment\",\"target\":[\"https:\\\/\\\/wentextil.ee\\\/vaipade-stiil-ja-tekstuur\\\/#respond\"]}]},{\"@type\":\"WebPage\",\"@id\":\"https:\\\/\\\/wentextil.ee\\\/vaipade-stiil-ja-tekstuur\\\/\",\"url\":\"https:\\\/\\\/wentextil.ee\\\/vaipade-stiil-ja-tekstuur\\\/\",\"name\":\"Vaipade stiil ja tekstuur - WenTextil O\u00dc\",\"isPartOf\":{\"@id\":\"https:\\\/\\\/wentextil.ee\\\/#website\"},\"datePublished\":\"2022-06-11T10:46:38+00:00\",\"dateModified\":\"2022-11-06T14:21:50+00:00\",\"breadcrumb\":{\"@id\":\"https:\\\/\\\/wentextil.ee\\\/vaipade-stiil-ja-tekstuur\\\/#breadcrumb\"},\"inLanguage\":\"en-US\",\"potentialAction\":[{\"@type\":\"ReadAction\",\"target\":[\"https:\\\/\\\/wentextil.ee\\\/vaipade-stiil-ja-tekstuur\\\/\"]}]},{\"@type\":\"BreadcrumbList\",\"@id\":\"https:\\\/\\\/wentextil.ee\\\/vaipade-stiil-ja-tekstuur\\\/#breadcrumb\",\"itemListElement\":[{\"@type\":\"ListItem\",\"position\":1,\"name\":\"Home\",\"item\":\"https:\\\/\\\/wentextil.ee\\\/\"},{\"@type\":\"ListItem\",\"position\":2,\"name\":\"Vaipade stiil ja tekstuur\"}]},{\"@type\":\"WebSite\",\"@id\":\"https:\\\/\\\/wentextil.ee\\\/#website\",\"url\":\"https:\\\/\\\/wentextil.ee\\\/\",\"name\":\"WenTextil O\u00dc\",\"description\":\"Auto istmekatted, m\u00f6\u00f6bli uuendamine, tootmine\",\"publisher\":{\"@id\":\"https:\\\/\\\/wentextil.ee\\\/#organization\"},\"potentialAction\":[{\"@type\":\"SearchAction\",\"target\":{\"@type\":\"EntryPoint\",\"urlTemplate\":\"https:\\\/\\\/wentextil.ee\\\/?s={search_term_string}\"},\"query-input\":{\"@type\":\"PropertyValueSpecification\",\"valueRequired\":true,\"valueName\":\"search_term_string\"}}],\"inLanguage\":\"en-US\"},{\"@type\":\"Organization\",\"@id\":\"https:\\\/\\\/wentextil.ee\\\/#organization\",\"name\":\"WenTextil O\u00dc\",\"url\":\"https:\\\/\\\/wentextil.ee\\\/\",\"logo\":{\"@type\":\"ImageObject\",\"inLanguage\":\"en-US\",\"@id\":\"https:\\\/\\\/wentextil.ee\\\/#\\\/schema\\\/logo\\\/image\\\/\",\"url\":\"https:\\\/\\\/wentextil.ee\\\/wp-content\\\/uploads\\\/2021\\\/12\\\/WenTextil_logo.jpg\",\"contentUrl\":\"https:\\\/\\\/wentextil.ee\\\/wp-content\\\/uploads\\\/2021\\\/12\\\/WenTextil_logo.jpg\",\"width\":650,\"height\":266,\"caption\":\"WenTextil O\u00dc\"},\"image\":{\"@id\":\"https:\\\/\\\/wentextil.ee\\\/#\\\/schema\\\/logo\\\/image\\\/\"},\"sameAs\":[\"https:\\\/\\\/et-ee.facebook.com\\\/wentextil\\\/\"]},{\"@type\":\"Person\",\"@id\":\"https:\\\/\\\/wentextil.ee\\\/#\\\/schema\\\/person\\\/4234ceb328088d3acdd5f2192cbe7dc7\",\"name\":\"Veiko\",\"sameAs\":[\"https:\\\/\\\/wentextil.ee\"],\"url\":\"https:\\\/\\\/wentextil.ee\\\/en\\\/author\\\/veikoj\\\/\"}]}<\/script>\n<!-- \/ Yoast SEO plugin. -->","yoast_head_json":{"title":"Vaipade stiil ja tekstuur - WenTextil O\u00dc","robots":{"index":"index","follow":"follow","max-snippet":"max-snippet:-1","max-image-preview":"max-image-preview:large","max-video-preview":"max-video-preview:-1"},"canonical":"https:\/\/wentextil.ee\/en\/vaipade-stiil-ja-tekstuur\/","og_locale":"en_US","og_type":"article","og_title":"Vaipade stiil ja tekstuur - WenTextil O\u00dc","og_description":"Veluurvaip (saksoonia). Tihe, madalalt l\u00f5igatud karv. L\u00f5ngatupsud on tihedalt pakitud, moodustades sileda ja m\u00f5nusa pinna. M\u00f5eldud ametipindade jaoks. Pl\u00fc\u00fcsvaip. Tasal\u00f5igatud karvaga, kuid enamasti k\u00f5rgema karvapinnaga ja mitte nii tihe kui saksoonial. Sobib rohkem eluruumidesse. Tekstuurvaip. K\u00e4harad v\u00f5i keerdus l\u00f5ngatupsud moodustavad tekstuuriga pinna, mis neelab k\u00f5ik jalaj\u00e4ljed. Eriti sobiv eluruumidesse. L\u00f5igatud aasadega vaip. K\u00f5rgelt l\u00f5igatud l\u00f5ngatupsudega [&hellip;]","og_url":"https:\/\/wentextil.ee\/en\/vaipade-stiil-ja-tekstuur\/","og_site_name":"WenTextil O\u00dc","article_publisher":"https:\/\/et-ee.facebook.com\/wentextil\/","article_published_time":"2022-06-11T10:46:38+00:00","article_modified_time":"2022-11-06T14:21:50+00:00","author":"Veiko","twitter_card":"summary_large_image","twitter_misc":{"Written by":"Veiko","Est. reading time":"1 minute"},"schema":{"@context":"https:\/\/schema.org","@graph":[{"@type":"Article","@id":"https:\/\/wentextil.ee\/vaipade-stiil-ja-tekstuur\/#article","isPartOf":{"@id":"https:\/\/wentextil.ee\/vaipade-stiil-ja-tekstuur\/"},"author":{"name":"Veiko","@id":"https:\/\/wentextil.ee\/#\/schema\/person\/4234ceb328088d3acdd5f2192cbe7dc7"},"headline":"Vaipade stiil ja tekstuur","datePublished":"2022-06-11T10:46:38+00:00","dateModified":"2022-11-06T14:21:50+00:00","mainEntityOfPage":{"@id":"https:\/\/wentextil.ee\/vaipade-stiil-ja-tekstuur\/"},"wordCount":154,"commentCount":0,"publisher":{"@id":"https:\/\/wentextil.ee\/#organization"},"articleSection":["Kasulikku"],"inLanguage":"en-US","potentialAction":[{"@type":"CommentAction","name":"Comment","target":["https:\/\/wentextil.ee\/vaipade-stiil-ja-tekstuur\/#respond"]}]},{"@type":"WebPage","@id":"https:\/\/wentextil.ee\/vaipade-stiil-ja-tekstuur\/","url":"https:\/\/wentextil.ee\/vaipade-stiil-ja-tekstuur\/","name":"Vaipade stiil ja tekstuur - WenTextil O\u00dc","isPartOf":{"@id":"https:\/\/wentextil.ee\/#website"},"datePublished":"2022-06-11T10:46:38+00:00","dateModified":"2022-11-06T14:21:50+00:00","breadcrumb":{"@id":"https:\/\/wentextil.ee\/vaipade-stiil-ja-tekstuur\/#breadcrumb"},"inLanguage":"en-US","potentialAction":[{"@type":"ReadAction","target":["https:\/\/wentextil.ee\/vaipade-stiil-ja-tekstuur\/"]}]},{"@type":"BreadcrumbList","@id":"https:\/\/wentextil.ee\/vaipade-stiil-ja-tekstuur\/#breadcrumb","itemListElement":[{"@type":"ListItem","position":1,"name":"Home","item":"https:\/\/wentextil.ee\/"},{"@type":"ListItem","position":2,"name":"Vaipade stiil ja tekstuur"}]},{"@type":"WebSite","@id":"https:\/\/wentextil.ee\/#website","url":"https:\/\/wentextil.ee\/","name":"WenTextil O\u00dc","description":"Auto istmekatted, m\u00f6\u00f6bli uuendamine, tootmine","publisher":{"@id":"https:\/\/wentextil.ee\/#organization"},"potentialAction":[{"@type":"SearchAction","target":{"@type":"EntryPoint","urlTemplate":"https:\/\/wentextil.ee\/?s={search_term_string}"},"query-input":{"@type":"PropertyValueSpecification","valueRequired":true,"valueName":"search_term_string"}}],"inLanguage":"en-US"},{"@type":"Organization","@id":"https:\/\/wentextil.ee\/#organization","name":"WenTextil O\u00dc","url":"https:\/\/wentextil.ee\/","logo":{"@type":"ImageObject","inLanguage":"en-US","@id":"https:\/\/wentextil.ee\/#\/schema\/logo\/image\/","url":"https:\/\/wentextil.ee\/wp-content\/uploads\/2021\/12\/WenTextil_logo.jpg","contentUrl":"https:\/\/wentextil.ee\/wp-content\/uploads\/2021\/12\/WenTextil_logo.jpg","width":650,"height":266,"caption":"WenTextil O\u00dc"},"image":{"@id":"https:\/\/wentextil.ee\/#\/schema\/logo\/image\/"},"sameAs":["https:\/\/et-ee.facebook.com\/wentextil\/"]},{"@type":"Person","@id":"https:\/\/wentextil.ee\/#\/schema\/person\/4234ceb328088d3acdd5f2192cbe7dc7","name":"Veiko","sameAs":["https:\/\/wentextil.ee"],"url":"https:\/\/wentextil.ee\/en\/author\/veikoj\/"}]}},"_links":{"self":[{"href":"https:\/\/wentextil.ee\/en\/wp-json\/wp\/v2\/posts\/295","targetHints":{"allow":["GET"]}}],"collection":[{"href":"https:\/\/wentextil.ee\/en\/wp-json\/wp\/v2\/posts"}],"about":[{"href":"https:\/\/wentextil.ee\/en\/wp-json\/wp\/v2\/types\/post"}],"author":[{"embeddable":true,"href":"https:\/\/wentextil.ee\/en\/wp-json\/wp\/v2\/users\/1"}],"replies":[{"embeddable":true,"href":"https:\/\/wentextil.ee\/en\/wp-json\/wp\/v2\/comments?post=295"}],"version-history":[{"count":0,"href":"https:\/\/wentextil.ee\/en\/wp-json\/wp\/v2\/posts\/295\/revisions"}],"wp:attachment":[{"href":"https:\/\/wentextil.ee\/en\/wp-json\/wp\/v2\/media?parent=295"}],"wp:term":[{"taxonomy":"category","embeddable":true,"href":"https:\/\/wentextil.ee\/en\/wp-json\/wp\/v2\/categories?post=295"},{"taxonomy":"post_tag","embeddable":true,"href":"https:\/\/wentextil.ee\/en\/wp-json\/wp\/v2\/tags?post=295"}],"curies":[{"name":"wp","href":"https:\/\/api.w.org\/{rel}","templated":true}]}}